{"id":21954,"date":"2025-05-05T05:05:23","date_gmt":"2025-05-05T03:05:23","guid":{"rendered":"https:\/\/djalil.chafai.net\/blog\/?p=21954"},"modified":"2025-10-03T13:37:44","modified_gmt":"2025-10-03T11:37:44","slug":"lectures-heretiques","status":"publish","type":"post","link":"https:\/\/djalil.chafai.net\/blog\/2025\/05\/05\/lectures-heretiques\/","title":{"rendered":"Lectures h\u00e9r\u00e9tiques"},"content":{"rendered":"<p><a href=\"https:\/\/editions.flammarion.com\/la-gauche-nest-pas-woke\/9782080453631\"><img loading=\"lazy\" class=\"alignleft wp-image-21956 size-medium\" src=\"http:\/\/djalil.chafai.net\/blog\/wp-content\/uploads\/2025\/07\/SusanNeiman-193x300.jpg\" alt=\"Couverture du livre de Susan Neiman intitul\u00e9 La gauche n'est pas woke\" width=\"193\" height=\"300\" srcset=\"https:\/\/djalil.chafai.net\/blog\/wp-content\/uploads\/2025\/07\/SusanNeiman-193x300.jpg 193w, https:\/\/djalil.chafai.net\/blog\/wp-content\/uploads\/2025\/07\/SusanNeiman.jpg 293w\" sizes=\"(max-width: 193px) 100vw, 193px\" \/><\/a><\/p>\n<p style=\"text-align: justify;\">Voil\u00e0 un livre \u00e9crit par une philosophe am\u00e9ricaine vivant en Allemagne, sp\u00e9cialiste des Lumi\u00e8res. Tenante d'un universalisme vigoureux, elle y d\u00e9busque et analyse tous azimuts le r\u00e9trograde grim\u00e9 en progressisme. Ce livre, qui ne manque pas de faiblesses, notamment en rapport avec l'actualit\u00e9, comprend \u00e9galement des passages de grande qualit\u00e9. Le troisi\u00e8me chapitre \u00ab Progr\u00e8s et destin tragique \u00bb est par exemple particuli\u00e8rement r\u00e9ussi, avec sa mise en perspective critique de Jean-Jacques Rousseau \u00e0 Michel Foucault et au-del\u00e0. Ce livre grand public reste moins facile d'acc\u00e8s que ceux sur le m\u00eame sujet du philosophe Jean-Fran\u00e7ois Braunstein ou de la sociologue Nathalie Heinich. Dans un monde agit\u00e9 par tant de tourbillons manich\u00e9ens, tant de rapports \u00e0 l'absolu, la complexit\u00e9, la nuance, la profondeur historique et culturelle, et la pens\u00e9e libre et critique demeurent essentielles.<\/p>\n<p><a href=\"https:\/\/www.editionsartilleur.fr\/produit\/le-changement-climatique-nest-plus-ce-quil-etait\/\"><img loading=\"lazy\" class=\"alignright wp-image-21955 size-medium\" src=\"http:\/\/djalil.chafai.net\/blog\/wp-content\/uploads\/2025\/07\/JudithCurry-191x300.jpg\" alt=\"Couverture du Judith A. Curry intitul\u00e9 Le changement climatique n'est plus ce qu'il \u00e9tait\" width=\"191\" height=\"300\" srcset=\"https:\/\/djalil.chafai.net\/blog\/wp-content\/uploads\/2025\/07\/JudithCurry-191x300.jpg 191w, https:\/\/djalil.chafai.net\/blog\/wp-content\/uploads\/2025\/07\/JudithCurry-656x1030.jpg 656w, https:\/\/djalil.chafai.net\/blog\/wp-content\/uploads\/2025\/07\/JudithCurry-768x1206.jpg 768w, https:\/\/djalil.chafai.net\/blog\/wp-content\/uploads\/2025\/07\/JudithCurry-978x1536.jpg 978w, https:\/\/djalil.chafai.net\/blog\/wp-content\/uploads\/2025\/07\/JudithCurry-1304x2048.jpg 1304w, https:\/\/djalil.chafai.net\/blog\/wp-content\/uploads\/2025\/07\/JudithCurry.jpg 1630w\" sizes=\"(max-width: 191px) 100vw, 191px\" \/><\/a><\/p>\n<p style=\"text-align: justify;\">Le changement climatique, voil\u00e0 bien un sujet tarte \u00e0 la cr\u00e8me, un de plus. Ce livre, \u00e9crit par une climatologue, m\u00e9rite d'\u00eatre lu par les personnes curieuses et insatisfaites de faire confiance. Son but est de tenter de faire d\u00e9couvrir la complexit\u00e9 du sujet, son histoire, ses perspectives, ses certitudes, et ses incertitudes. L'\u00e9tat de la climatologie d\u00e9crit dans ce livre est plut\u00f4t consternant, aussi bien sur le plan scientifique que politique. \u00c0 bien des \u00e9gards, la situation d\u00e9crite rappelle celle de la crise du Covid, mais semble plus durable, plus grave en un certain sens. La science est produite et port\u00e9e par des humains, mus par toutes les passions humaines. Ce livre est moins facile \u00e0 lire que celui du physicien th\u00e9oricien Steven E. Koonin par  exemple. Mais m\u00eame s'il manque parfois de clart\u00e9 ou de pr\u00e9cision, il fourmille malgr\u00e9 tout de richesse et de finesse.<\/p>\n","protected":false},"excerpt":{"rendered":"<p>Voil&agrave; un livre &eacute;crit par une philosophe am&eacute;ricaine vivant en Allemagne, sp&eacute;cialiste des Lumi&egrave;res. Tenante d'un universalisme vigoureux, elle y d&eacute;busque et analyse tous azimuts&#8230;<\/p>\n<div class=\"more-link-wrapper\"><a class=\"more-link\" href=\"https:\/\/djalil.chafai.net\/blog\/2025\/05\/05\/lectures-heretiques\/\">Continue reading<span class=\"screen-reader-text\">Lectures h\u00e9r\u00e9tiques<\/span><\/a><\/div>\n","protected":false},"author":1,"featured_media":0,"comment_status":"open","ping_status":"open","sticky":false,"template":"","format":"standard","meta":{"iawp_total_views":260},"categories":[1],"tags":[],"_links":{"self":[{"href":"https:\/\/djalil.chafai.net\/blog\/wp-json\/wp\/v2\/posts\/21954"}],"collection":[{"href":"https:\/\/djalil.chafai.net\/blog\/wp-json\/wp\/v2\/posts"}],"about":[{"href":"https:\/\/djalil.chafai.net\/blog\/wp-json\/wp\/v2\/types\/post"}],"author":[{"embeddable":true,"href":"https:\/\/djalil.chafai.net\/blog\/wp-json\/wp\/v2\/users\/1"}],"replies":[{"embeddable":true,"href":"https:\/\/djalil.chafai.net\/blog\/wp-json\/wp\/v2\/comments?post=21954"}],"version-history":[{"count":46,"href":"https:\/\/djalil.chafai.net\/blog\/wp-json\/wp\/v2\/posts\/21954\/revisions"}],"predecessor-version":[{"id":22087,"href":"https:\/\/djalil.chafai.net\/blog\/wp-json\/wp\/v2\/posts\/21954\/revisions\/22087"}],"wp:attachment":[{"href":"https:\/\/djalil.chafai.net\/blog\/wp-json\/wp\/v2\/media?parent=21954"}],"wp:term":[{"taxonomy":"category","embeddable":true,"href":"https:\/\/djalil.chafai.net\/blog\/wp-json\/wp\/v2\/categories?post=21954"},{"taxonomy":"post_tag","embeddable":true,"href":"https:\/\/djalil.chafai.net\/blog\/wp-json\/wp\/v2\/tags?post=21954"}],"curies":[{"name":"wp","href":"https:\/\/api.w.org\/{rel}","templated":true}]}}